{"id":2809,"date":"2022-03-20T20:45:05","date_gmt":"2022-03-20T19:45:05","guid":{"rendered":"https:\/\/sprecher.tv\/2022\/03\/20\/die-welpen-kommen-wieder\/"},"modified":"2022-03-20T20:45:05","modified_gmt":"2022-03-20T19:45:05","slug":"die-welpen-kommen-wieder","status":"publish","type":"post","link":"https:\/\/sprecher.tv\/en\/2022\/03\/20\/die-welpen-kommen-wieder\/","title":{"rendered":"Die Welpen kommen wieder"},"content":{"rendered":"<p>Am 20.03.2022 beginnt mit gewohnt hohem &#8220;Awww-wie-s\u00fc\u00df-Faktor&#8221; die vierte Staffel von &#8220;Martin R\u00fctter &#8211; Die Welpen kommen&#8221;. Das Format l\u00e4uft wie gewohnt sonntags, aber mit deutlich mehr Sendezeit von 17.30 Uhr bis 20.15 Uhr, mit einer Unterbrechung f\u00fcr RTL Aktuell.<\/p>\n<p><a href=\"https:\/\/www.tvnow.de\/shows\/martin-ruetter-die-welpen-kommen-17565\/2022-04\" target=\"_blank\" rel=\"noopener\">Link zur Sendung bei RTL+<\/a><\/p>\n","protected":false},"excerpt":{"rendered":"<p>Am 20.03.2022 beginnt mit gewohnt hohem &#8220;Awww-wie-s\u00fc\u00df-Faktor&#8221; die vierte Staffel von &#8220;Martin R\u00fctter &#8211; Die Welpen kommen&#8221;. Das Format l\u00e4uft wie gewohnt sonntags, aber mit deutlich mehr Sendezeit von 17.30 Uhr bis 20.15 Uhr, mit einer Unterbrechung f\u00fcr RTL Aktuell. Link zur Sendung bei RTL+<\/p>\n","protected":false},"author":2,"featured_media":0,"comment_status":"open","ping_status":"open","sticky":false,"template":"","format":"standard","meta":{"_et_pb_use_builder":"","_et_pb_old_content":"","_et_gb_content_width":"","footnotes":""},"categories":[1],"tags":[],"class_list":["post-2809","post","type-post","status-publish","format-standard","hentry","category-unkategorisiert"],"_links":{"self":[{"href":"https:\/\/sprecher.tv\/en\/wp-json\/wp\/v2\/posts\/2809","targetHints":{"allow":["GET"]}}],"collection":[{"href":"https:\/\/sprecher.tv\/en\/wp-json\/wp\/v2\/posts"}],"about":[{"href":"https:\/\/sprecher.tv\/en\/wp-json\/wp\/v2\/types\/post"}],"author":[{"embeddable":true,"href":"https:\/\/sprecher.tv\/en\/wp-json\/wp\/v2\/users\/2"}],"replies":[{"embeddable":true,"href":"https:\/\/sprecher.tv\/en\/wp-json\/wp\/v2\/comments?post=2809"}],"version-history":[{"count":0,"href":"https:\/\/sprecher.tv\/en\/wp-json\/wp\/v2\/posts\/2809\/revisions"}],"wp:attachment":[{"href":"https:\/\/sprecher.tv\/en\/wp-json\/wp\/v2\/media?parent=2809"}],"wp:term":[{"taxonomy":"category","embeddable":true,"href":"https:\/\/sprecher.tv\/en\/wp-json\/wp\/v2\/categories?post=2809"},{"taxonomy":"post_tag","embeddable":true,"href":"https:\/\/sprecher.tv\/en\/wp-json\/wp\/v2\/tags?post=2809"}],"curies":[{"name":"wp","href":"https:\/\/api.w.org\/{rel}","templated":true}]}}