{"id":2826,"date":"2021-04-16T19:15:50","date_gmt":"2021-04-16T17:15:50","guid":{"rendered":"https:\/\/sprecher.tv\/2021\/04\/16\/off-sprecher-fuer-doku\/"},"modified":"2021-04-16T19:15:50","modified_gmt":"2021-04-16T17:15:50","slug":"off-sprecher-fuer-doku","status":"publish","type":"post","link":"https:\/\/sprecher.tv\/en\/2021\/04\/16\/off-sprecher-fuer-doku\/","title":{"rendered":"Off-Sprecher f\u00fcr Doku"},"content":{"rendered":"<p>F\u00fcr die Sendung &#8220;Menschen hautnah&#8221; habe ich die Dokumentation &#8220;Der Kuhfl\u00fcsterer &#8211; Neustart auf dem Bauernhof&#8221; gesprochen. Am 06.05.2021 im WDR Fernsehen oder in der Mediathek.<\/p>\n<p><a href=\"https:\/\/www1.wdr.de\/fernsehen\/menschen-hautnah\/sendungen\/der-kuhfluesterer-100.html\" target=\"_blank\" rel=\"noopener\">Link zur Doku<\/a><\/p>\n","protected":false},"excerpt":{"rendered":"<p>F\u00fcr die Sendung &#8220;Menschen hautnah&#8221; habe ich die Dokumentation &#8220;Der Kuhfl\u00fcsterer &#8211; Neustart auf dem Bauernhof&#8221; gesprochen. Am 06.05.2021 im WDR Fernsehen oder in der Mediathek. Link zur Doku<\/p>\n","protected":false},"author":2,"featured_media":0,"comment_status":"open","ping_status":"open","sticky":false,"template":"","format":"standard","meta":{"_et_pb_use_builder":"","_et_pb_old_content":"","_et_gb_content_width":"","footnotes":""},"categories":[1],"tags":[],"class_list":["post-2826","post","type-post","status-publish","format-standard","hentry","category-unkategorisiert"],"_links":{"self":[{"href":"https:\/\/sprecher.tv\/en\/wp-json\/wp\/v2\/posts\/2826","targetHints":{"allow":["GET"]}}],"collection":[{"href":"https:\/\/sprecher.tv\/en\/wp-json\/wp\/v2\/posts"}],"about":[{"href":"https:\/\/sprecher.tv\/en\/wp-json\/wp\/v2\/types\/post"}],"author":[{"embeddable":true,"href":"https:\/\/sprecher.tv\/en\/wp-json\/wp\/v2\/users\/2"}],"replies":[{"embeddable":true,"href":"https:\/\/sprecher.tv\/en\/wp-json\/wp\/v2\/comments?post=2826"}],"version-history":[{"count":0,"href":"https:\/\/sprecher.tv\/en\/wp-json\/wp\/v2\/posts\/2826\/revisions"}],"wp:attachment":[{"href":"https:\/\/sprecher.tv\/en\/wp-json\/wp\/v2\/media?parent=2826"}],"wp:term":[{"taxonomy":"category","embeddable":true,"href":"https:\/\/sprecher.tv\/en\/wp-json\/wp\/v2\/categories?post=2826"},{"taxonomy":"post_tag","embeddable":true,"href":"https:\/\/sprecher.tv\/en\/wp-json\/wp\/v2\/tags?post=2826"}],"curies":[{"name":"wp","href":"https:\/\/api.w.org\/{rel}","templated":true}]}}